{"id":536,"date":"2018-09-11T17:36:24","date_gmt":"2018-09-11T22:36:24","guid":{"rendered":"https:\/\/www.triada.com.pe\/?p=536"},"modified":"2023-02-28T10:29:37","modified_gmt":"2023-02-28T15:29:37","slug":"departamentos-segmento-medio-subiran-doble-distritos-top","status":"publish","type":"post","link":"https:\/\/www.triada.com.pe\/noticias\/departamentos-segmento-medio-subiran-doble-distritos-top\/","title":{"rendered":"Viviendas del Segmento medio Subir\u00e1n el doble que en Distritos Top"},"content":{"rendered":"<p id=\"pnull-m80-79-81\" class=\"parrafo first-parrafo first-p\">Los\u00a0precios de las viviendas\u00a0en los distritos del segmento medio (<a href=\"https:\/\/www.triada.com.pe\/\">Jes\u00fas Mar\u00eda<\/a>, San Miguel, Lince y Magdalena) aumentar\u00e1n hasta en 6% este a\u00f1o, estim\u00f3 Ricardo Arbul\u00fa, vicepresidente de la Asociaci\u00f3n de Empresas Inmobiliarias del Per\u00fa (ASEI).<\/p>\n<p id=\"pnull-m98-1-99\" class=\"parrafo first-parrafo \">Este aumento ser\u00e1 el doble respecto al 3% de crecimiento previsto para los\u00a0<a href=\"https:\/\/gestion.pe\/noticias\/precios-de-viviendas\" target=\"_blank\" rel=\"noopener noreferrer\">precios de las viviendas<\/a>\u00a0en los distritos del segmento alto (Miraflores, San Isidro, Surco, La Molina). <a style=\"color: #666;\" href=\"https:\/\/emailtemporal.org\">correo temporal<\/a><\/p>\n<p id=\"pnull-m104-2-105\" class=\"parrafo first-parrafo \">\u201cEn el segmento alto, el formato de las viviendas es m\u00e1s grande, de 150 m2 a 200 m2, por lo que el incremento en 3% a\u00fan es bastante atractivo para los inversores en estos distritos\u201d, se\u00f1al\u00f3 Arbul\u00fa a\u00a0<b>Gesti\u00f3n.pe<\/b>.<\/p>\n<p id=\"pnull-m110-3-111\" class=\"parrafo first-parrafo \">En el caso del segmento medio, refiri\u00f3 que en la primera parte del a\u00f1o se dieron varios lanzamientos de proyectos con precios en preventa. Y hacia el segundo semestre estos proyectos dejar\u00e1n de tener las tarifas promocionales, lo cual empujar\u00e1 los precios al alza.<\/p>\n<h2 id=\"pnull-m116-4-117\" class=\"parrafo first-parrafo \"><b>Fondos de Inversi\u00f3n<\/b><\/h2>\n<p class=\"parrafo first-parrafo \">Por otro lado, el ejecutivo salud\u00f3 la reciente implementaci\u00f3n de cambios normativos \u2013 v\u00eda facultades legislativas- para impulsar el desarrollo de los\u00a0<b>fondos de inversi\u00f3n inmobiliaria<\/b>.<\/p>\n<p id=\"pnull-m122-5-123\" class=\"parrafo first-parrafo \">Arbul\u00fa estim\u00f3 que en unos seis a nueve meses se podr\u00e1 medir el impacto de esta nueva normativa con la generaci\u00f3n de nuevos\u00a0<b>fondos de inversi\u00f3n<\/b>.<\/p>\n","protected":false},"excerpt":{"rendered":"<p>Los\u00a0precios de las viviendas\u00a0en los distritos del segmento medio (Jes\u00fas Mar\u00eda, San Miguel, Lince y Magdalena) aumentar\u00e1n hasta en 6% este a\u00f1o, estim\u00f3 Ricardo Arbul\u00fa, vicepresidente de la Asociaci\u00f3n de Empresas Inmobiliarias del Per\u00fa (ASEI). Este aumento ser\u00e1 el doble respecto al 3% de crecimiento previsto para los\u00a0precios de las viviendas\u00a0en los distritos del segmento [&hellip;]<\/p>\n","protected":false},"author":10,"featured_media":1289,"comment_status":"open","ping_status":"open","sticky":false,"template":"","format":"standard","meta":[],"categories":[20],"tags":[],"yoast_head":"<!-- This site is optimized with the Yoast SEO plugin v21.1 - https:\/\/yoast.com\/wordpress\/plugins\/seo\/ -->\n<title>Viviendas del segmento medio subir\u00e1n el doble que en Distritos top<\/title>\n<meta name=\"description\" content=\"Precios en segmento medio subir\u00e1n hasta 6% este a\u00f1o, estim\u00f3 la Asociaci\u00f3n de Empresas Inmobiliarias del Per\u00fa (ASEI).\" \/>\n<meta name=\"robots\" content=\"index, follow, max-snippet:-1, max-image-preview:large, max-video-preview:-1\" \/>\n<link rel=\"canonical\" href=\"https:\/\/www.triada.com.pe\/noticias\/departamentos-segmento-medio-subiran-doble-distritos-top\/\" \/>\n<meta property=\"og:locale\" content=\"es_ES\" \/>\n<meta property=\"og:type\" content=\"article\" \/>\n<meta property=\"og:title\" content=\"Departamentos del segmento medio subir\u00e1n hasta 6%\" \/>\n<meta property=\"og:description\" content=\"Este aumento ser\u00e1 el doble respecto al 3% previsto para los\u00a0distritos del segmento alto (Miraflores, San Isidro, Surco, La Molina).\" \/>\n<meta property=\"og:url\" content=\"https:\/\/www.triada.com.pe\/noticias\/departamentos-segmento-medio-subiran-doble-distritos-top\/\" \/>\n<meta property=\"og:site_name\" content=\"Triada\" \/>\n<meta property=\"article:publisher\" content=\"https:\/\/www.facebook.com\/triada.com.pe\" \/>\n<meta property=\"article:published_time\" content=\"2018-09-11T22:36:24+00:00\" \/>\n<meta property=\"article:modified_time\" content=\"2023-02-28T15:29:37+00:00\" \/>\n<meta property=\"og:image\" content=\"https:\/\/www.triada.com.pe\/noticias\/wp-content\/uploads\/2019\/09\/lima-ultra-1-1.jpg\" \/>\n\t<meta property=\"og:image:width\" content=\"1139\" \/>\n\t<meta property=\"og:image:height\" content=\"600\" \/>\n\t<meta property=\"og:image:type\" content=\"image\/jpeg\" \/>\n<meta name=\"author\" content=\"triada\" \/>\n<meta name=\"twitter:card\" content=\"summary_large_image\" \/>\n<meta name=\"twitter:label1\" content=\"Escrito por\" \/>\n\t<meta name=\"twitter:data1\" content=\"triada\" \/>\n\t<meta name=\"twitter:label2\" content=\"Tiempo de lectura\" \/>\n\t<meta name=\"twitter:data2\" content=\"1 minuto\" \/>\n<script type=\"application\/ld+json\" class=\"yoast-schema-graph\">{\"@context\":\"https:\/\/schema.org\",\"@graph\":[{\"@type\":\"WebPage\",\"@id\":\"https:\/\/www.triada.com.pe\/noticias\/departamentos-segmento-medio-subiran-doble-distritos-top\/\",\"url\":\"https:\/\/www.triada.com.pe\/noticias\/departamentos-segmento-medio-subiran-doble-distritos-top\/\",\"name\":\"Viviendas del segmento medio subir\u00e1n el doble que en Distritos top\",\"isPartOf\":{\"@id\":\"https:\/\/www.triada.com.pe\/noticias\/#website\"},\"datePublished\":\"2018-09-11T22:36:24+00:00\",\"dateModified\":\"2023-02-28T15:29:37+00:00\",\"author\":{\"@id\":\"https:\/\/www.triada.com.pe\/noticias\/#\/schema\/person\/1851cc24e0a8045ab6dab45cee5bdd7d\"},\"description\":\"Precios en segmento medio subir\u00e1n hasta 6% este a\u00f1o, estim\u00f3 la Asociaci\u00f3n de Empresas Inmobiliarias del Per\u00fa (ASEI).\",\"breadcrumb\":{\"@id\":\"https:\/\/www.triada.com.pe\/noticias\/departamentos-segmento-medio-subiran-doble-distritos-top\/#breadcrumb\"},\"inLanguage\":\"es\",\"potentialAction\":[{\"@type\":\"ReadAction\",\"target\":[\"https:\/\/www.triada.com.pe\/noticias\/departamentos-segmento-medio-subiran-doble-distritos-top\/\"]}]},{\"@type\":\"BreadcrumbList\",\"@id\":\"https:\/\/www.triada.com.pe\/noticias\/departamentos-segmento-medio-subiran-doble-distritos-top\/#breadcrumb\",\"itemListElement\":[{\"@type\":\"ListItem\",\"position\":1,\"name\":\"Portada\",\"item\":\"https:\/\/www.triada.com.pe\/noticias\/\"},{\"@type\":\"ListItem\",\"position\":2,\"name\":\"Viviendas del Segmento medio Subir\u00e1n el doble que en Distritos Top\"}]},{\"@type\":\"WebSite\",\"@id\":\"https:\/\/www.triada.com.pe\/noticias\/#website\",\"url\":\"https:\/\/www.triada.com.pe\/noticias\/\",\"name\":\"Triada\",\"description\":\"Somos Triada, una constructora e inmobiliaria creada con el compromiso de contribuir con el mejoramiento de la calidad de vida de los peruanos.\",\"potentialAction\":[{\"@type\":\"SearchAction\",\"target\":{\"@type\":\"EntryPoint\",\"urlTemplate\":\"https:\/\/www.triada.com.pe\/noticias\/?s={search_term_string}\"},\"query-input\":\"required name=search_term_string\"}],\"inLanguage\":\"es\"},{\"@type\":\"Person\",\"@id\":\"https:\/\/www.triada.com.pe\/noticias\/#\/schema\/person\/1851cc24e0a8045ab6dab45cee5bdd7d\",\"name\":\"triada\",\"image\":{\"@type\":\"ImageObject\",\"inLanguage\":\"es\",\"@id\":\"https:\/\/www.triada.com.pe\/noticias\/#\/schema\/person\/image\/\",\"url\":\"https:\/\/secure.gravatar.com\/avatar\/0e5bdf9c9e5c2d719af0e8bf0128a9ad?s=96&d=mm&r=g\",\"contentUrl\":\"https:\/\/secure.gravatar.com\/avatar\/0e5bdf9c9e5c2d719af0e8bf0128a9ad?s=96&d=mm&r=g\",\"caption\":\"triada\"}}]}<\/script>\n<!-- \/ Yoast SEO plugin. -->","yoast_head_json":{"title":"Viviendas del segmento medio subir\u00e1n el doble que en Distritos top","description":"Precios en segmento medio subir\u00e1n hasta 6% este a\u00f1o, estim\u00f3 la Asociaci\u00f3n de Empresas Inmobiliarias del Per\u00fa (ASEI).","robots":{"index":"index","follow":"follow","max-snippet":"max-snippet:-1","max-image-preview":"max-image-preview:large","max-video-preview":"max-video-preview:-1"},"canonical":"https:\/\/www.triada.com.pe\/noticias\/departamentos-segmento-medio-subiran-doble-distritos-top\/","og_locale":"es_ES","og_type":"article","og_title":"Departamentos del segmento medio subir\u00e1n hasta 6%","og_description":"Este aumento ser\u00e1 el doble respecto al 3% previsto para los\u00a0distritos del segmento alto (Miraflores, San Isidro, Surco, La Molina).","og_url":"https:\/\/www.triada.com.pe\/noticias\/departamentos-segmento-medio-subiran-doble-distritos-top\/","og_site_name":"Triada","article_publisher":"https:\/\/www.facebook.com\/triada.com.pe","article_published_time":"2018-09-11T22:36:24+00:00","article_modified_time":"2023-02-28T15:29:37+00:00","og_image":[{"width":1139,"height":600,"url":"https:\/\/www.triada.com.pe\/noticias\/wp-content\/uploads\/2019\/09\/lima-ultra-1-1.jpg","type":"image\/jpeg"}],"author":"triada","twitter_card":"summary_large_image","twitter_misc":{"Escrito por":"triada","Tiempo de lectura":"1 minuto"},"schema":{"@context":"https:\/\/schema.org","@graph":[{"@type":"WebPage","@id":"https:\/\/www.triada.com.pe\/noticias\/departamentos-segmento-medio-subiran-doble-distritos-top\/","url":"https:\/\/www.triada.com.pe\/noticias\/departamentos-segmento-medio-subiran-doble-distritos-top\/","name":"Viviendas del segmento medio subir\u00e1n el doble que en Distritos top","isPartOf":{"@id":"https:\/\/www.triada.com.pe\/noticias\/#website"},"datePublished":"2018-09-11T22:36:24+00:00","dateModified":"2023-02-28T15:29:37+00:00","author":{"@id":"https:\/\/www.triada.com.pe\/noticias\/#\/schema\/person\/1851cc24e0a8045ab6dab45cee5bdd7d"},"description":"Precios en segmento medio subir\u00e1n hasta 6% este a\u00f1o, estim\u00f3 la Asociaci\u00f3n de Empresas Inmobiliarias del Per\u00fa (ASEI).","breadcrumb":{"@id":"https:\/\/www.triada.com.pe\/noticias\/departamentos-segmento-medio-subiran-doble-distritos-top\/#breadcrumb"},"inLanguage":"es","potentialAction":[{"@type":"ReadAction","target":["https:\/\/www.triada.com.pe\/noticias\/departamentos-segmento-medio-subiran-doble-distritos-top\/"]}]},{"@type":"BreadcrumbList","@id":"https:\/\/www.triada.com.pe\/noticias\/departamentos-segmento-medio-subiran-doble-distritos-top\/#breadcrumb","itemListElement":[{"@type":"ListItem","position":1,"name":"Portada","item":"https:\/\/www.triada.com.pe\/noticias\/"},{"@type":"ListItem","position":2,"name":"Viviendas del Segmento medio Subir\u00e1n el doble que en Distritos Top"}]},{"@type":"WebSite","@id":"https:\/\/www.triada.com.pe\/noticias\/#website","url":"https:\/\/www.triada.com.pe\/noticias\/","name":"Triada","description":"Somos Triada, una constructora e inmobiliaria creada con el compromiso de contribuir con el mejoramiento de la calidad de vida de los peruanos.","potentialAction":[{"@type":"SearchAction","target":{"@type":"EntryPoint","urlTemplate":"https:\/\/www.triada.com.pe\/noticias\/?s={search_term_string}"},"query-input":"required name=search_term_string"}],"inLanguage":"es"},{"@type":"Person","@id":"https:\/\/www.triada.com.pe\/noticias\/#\/schema\/person\/1851cc24e0a8045ab6dab45cee5bdd7d","name":"triada","image":{"@type":"ImageObject","inLanguage":"es","@id":"https:\/\/www.triada.com.pe\/noticias\/#\/schema\/person\/image\/","url":"https:\/\/secure.gravatar.com\/avatar\/0e5bdf9c9e5c2d719af0e8bf0128a9ad?s=96&d=mm&r=g","contentUrl":"https:\/\/secure.gravatar.com\/avatar\/0e5bdf9c9e5c2d719af0e8bf0128a9ad?s=96&d=mm&r=g","caption":"triada"}}]}},"_links":{"self":[{"href":"https:\/\/www.triada.com.pe\/noticias\/wp-json\/wp\/v2\/posts\/536"}],"collection":[{"href":"https:\/\/www.triada.com.pe\/noticias\/wp-json\/wp\/v2\/posts"}],"about":[{"href":"https:\/\/www.triada.com.pe\/noticias\/wp-json\/wp\/v2\/types\/post"}],"author":[{"embeddable":true,"href":"https:\/\/www.triada.com.pe\/noticias\/wp-json\/wp\/v2\/users\/10"}],"replies":[{"embeddable":true,"href":"https:\/\/www.triada.com.pe\/noticias\/wp-json\/wp\/v2\/comments?post=536"}],"version-history":[{"count":10,"href":"https:\/\/www.triada.com.pe\/noticias\/wp-json\/wp\/v2\/posts\/536\/revisions"}],"predecessor-version":[{"id":2848,"href":"https:\/\/www.triada.com.pe\/noticias\/wp-json\/wp\/v2\/posts\/536\/revisions\/2848"}],"wp:featuredmedia":[{"embeddable":true,"href":"https:\/\/www.triada.com.pe\/noticias\/wp-json\/wp\/v2\/media\/1289"}],"wp:attachment":[{"href":"https:\/\/www.triada.com.pe\/noticias\/wp-json\/wp\/v2\/media?parent=536"}],"wp:term":[{"taxonomy":"category","embeddable":true,"href":"https:\/\/www.triada.com.pe\/noticias\/wp-json\/wp\/v2\/categories?post=536"},{"taxonomy":"post_tag","embeddable":true,"href":"https:\/\/www.triada.com.pe\/noticias\/wp-json\/wp\/v2\/tags?post=536"}],"curies":[{"name":"wp","href":"https:\/\/api.w.org\/{rel}","templated":true}]}}